{"id":1637,"date":"2021-09-01T12:53:41","date_gmt":"2021-09-01T10:53:41","guid":{"rendered":"http:\/\/www.lenjamade.cz\/?p=1637"},"modified":"2021-09-01T12:56:31","modified_gmt":"2021-09-01T10:56:31","slug":"kurzy-2021-22","status":"publish","type":"post","link":"https:\/\/www.lenjamade.cz\/index.php\/2021\/09\/01\/kurzy-2021-22\/","title":{"rendered":"Kurzy a krou\u017eek 2021-22"},"content":{"rendered":"\n<p>Pravideln\u00e9 kurzy keramiky op\u011bt za\u010d\u00ednaj\u00ed. Nic n\u00e1s snad u\u017e nezastav\u00ed&#8230;<br><br>P\u00e1te\u010dn\u00ed dopoledn\u00ed keramika pro dosp\u011bl\u00e9 &#8211; 8:30h &#8211; 11:30h<br>Za\u010d\u00edn\u00e1me ji\u017e 10.9. 2021 v 8:30h<br><br>P\u00e1te\u010dn\u00ed odpoledn\u00ed kurzy pro dosp\u011bl\u00e9 i d\u011bti- 17:00h &#8211; 20:00h.<br>Za\u010d\u00edn\u00e1me tak\u00e9 10.9. 2021 v 17:00h<br><br>\u010ctvrte\u010dn\u00ed odpoledn\u00ed keramika pro dosp\u011bl\u00e9 i d\u011bti v \u010dase 17:00h &#8211; 20:00h<br>za\u010d\u00edn\u00e1 16.9. v 17:00h<\/p>\n\n\n\n<p>Krou\u017eek pro d\u011bti bude prob\u00edhat ve \u010dtvrtek od 15:00 h. <br>Prvn\u00ed sch\u016fzka 30.9. 2021<\/p>\n\n\n\n<p>T\u011b\u0161\u00edm se na V\u00e1s. Informace a p\u0159ihl\u00e1\u0161ky <a href=\"mailto:lenka@janele.net\">mailem<\/a>, tel nebo zpr\u00e1vou na <a href=\"http:\/\/www.fb.com\/lenjamade\" onclick=\"__gaTracker('send', 'event', 'outbound-article', 'http:\/\/www.fb.com\/lenjamade', 'fb');\">fb<\/a>.<br>Zdrav\u00ed Lenka<\/p>\n","protected":false},"excerpt":{"rendered":"<p>Pravideln\u00e9 kurzy keramiky op\u011bt za\u010d\u00ednaj\u00ed. Nic n\u00e1s snad u\u017e nezastav\u00ed&#8230; P\u00e1te\u010dn\u00ed dopoledn\u00ed keramika pro dosp\u011bl\u00e9 &#8211; 8:30h &#8211; 11:30hZa\u010d\u00edn\u00e1me ji\u017e 10.9. 2021 v 8:30h P\u00e1te\u010dn\u00ed odpoledn\u00ed kurzy pro dosp\u011bl\u00e9 i d\u011bti- 17:00h &#8211; 20:00h.Za\u010d\u00edn\u00e1me tak\u00e9 10.9. 2021 v 17:00h \u010ctvrte\u010dn\u00ed odpoledn\u00ed keramika pro dosp\u011bl\u00e9 i d\u011bti v \u010dase 17:00h &#8211; 20:00hza\u010d\u00edn\u00e1 16.9. v 17:00h Krou\u017eek &hellip; <\/p>\n<p class=\"link-more\"><a href=\"https:\/\/www.lenjamade.cz\/index.php\/2021\/09\/01\/kurzy-2021-22\/\" class=\"more-link\">Continue reading<span class=\"screen-reader-text\"> &#8220;Kurzy a krou\u017eek 2021-22&#8221;<\/span><\/a><\/p>\n","protected":false},"author":1,"featured_media":0,"comment_status":"closed","ping_status":"closed","sticky":false,"template":"","format":"standard","meta":{"footnotes":""},"categories":[1],"tags":[],"class_list":["post-1637","post","type-post","status-publish","format-standard","hentry","category-uncategorized"],"_links":{"self":[{"href":"https:\/\/www.lenjamade.cz\/index.php\/wp-json\/wp\/v2\/posts\/1637","targetHints":{"allow":["GET"]}}],"collection":[{"href":"https:\/\/www.lenjamade.cz\/index.php\/wp-json\/wp\/v2\/posts"}],"about":[{"href":"https:\/\/www.lenjamade.cz\/index.php\/wp-json\/wp\/v2\/types\/post"}],"author":[{"embeddable":true,"href":"https:\/\/www.lenjamade.cz\/index.php\/wp-json\/wp\/v2\/users\/1"}],"replies":[{"embeddable":true,"href":"https:\/\/www.lenjamade.cz\/index.php\/wp-json\/wp\/v2\/comments?post=1637"}],"version-history":[{"count":2,"href":"https:\/\/www.lenjamade.cz\/index.php\/wp-json\/wp\/v2\/posts\/1637\/revisions"}],"predecessor-version":[{"id":1639,"href":"https:\/\/www.lenjamade.cz\/index.php\/wp-json\/wp\/v2\/posts\/1637\/revisions\/1639"}],"wp:attachment":[{"href":"https:\/\/www.lenjamade.cz\/index.php\/wp-json\/wp\/v2\/media?parent=1637"}],"wp:term":[{"taxonomy":"category","embeddable":true,"href":"https:\/\/www.lenjamade.cz\/index.php\/wp-json\/wp\/v2\/categories?post=1637"},{"taxonomy":"post_tag","embeddable":true,"href":"https:\/\/www.lenjamade.cz\/index.php\/wp-json\/wp\/v2\/tags?post=1637"}],"curies":[{"name":"wp","href":"https:\/\/api.w.org\/{rel}","templated":true}]}}